{"id":45795,"date":"2026-04-14T13:00:00","date_gmt":"2026-04-14T11:00:00","guid":{"rendered":"https:\/\/explorecatholic.nl\/nieuws\/poland-prepares-parishes-for-wartime-role-as-fears-of-conflict-grow\/"},"modified":"2026-04-14T13:00:00","modified_gmt":"2026-04-14T11:00:00","slug":"poland-prepares-parishes-for-wartime-role-as-fears-of-conflict-grow","status":"publish","type":"post","link":"https:\/\/explorecatholic.nl\/en\/nieuws\/poland-prepares-parishes-for-wartime-role-as-fears-of-conflict-grow\/","title":{"rendered":"Poland prepares parishes for wartime role as fears of conflict grow"},"content":{"rendered":"<p>The Polish Bishops&#8217; Conference is working with national authorities to prepare an action plan for potential armed conflict, reflecting growing security concerns in the region.<\/p>\n<p>The initiative follows discussions held during the 404th Plenary Assembly of the Polish Bishops&#8217; Conference. On March 17, Poland Deputy Prime Minister and Minister of National Defense W\u0142adys\u0142aw Kosiniak-Kamysz and Minister of the Interior and Administration Marcin Kierwi\u0144ski met with bishops at the conference\u02bcs general secretariat in Warsaw.<\/p>\n<p>In an April 7 interview with the Polish Press Agency, Archbishop Tadeusz Wojda, president of the Polish Bishops&#8217; Conference, said the preparations were driven by widespread concern over regional instability.<\/p>\n<p>\u201cThere are fears that the war will reach Poland, which is understandable,\u201d Wojda said. \u201cFortunately, we are not standing idly by, waiting for events to unfold.\u201d<\/p>\n<h2>Coordinated Church-state response<\/h2>\n<p>At the center of the effort is a newly established working group within the bishops&#8217; conference composed of representatives from multiple institutions, including Caritas Poland. The group is collaborating with both the Ministry of National Defense and the Ministry of the Interior to develop coordinated responses to crisis scenarios.<\/p>\n<p>According to Wojda, the plan includes provisions for assisting civilians, supporting refugees, and ensuring access to essential resources such as generators, water, medical supplies, and hygiene products. Government authorities have indicated that such materials would be made available to parishes in the event of a national emergency.<\/p>\n<div class=\"inline-related-articles\">\n<h3 class=\"related-article\"><a href=\"https:\/\/www.ewtnnews.com\/world\/europe\/ukraine-bishop-war-could-spread-to-countries-that-never-imagined-it-reaching-them\">Ukraine bishop: War could spread to countries that \u2018never imagined it reaching them\u2019<\/a><\/h3>\n<\/p><\/div>\n<p>The working group is also developing protocols for the evacuation of cultural and religious heritage sites, the establishment of humanitarian corridors, and the identification of safe locations where civilians could seek shelter.<\/p>\n<h2>Role of parishes on the front line<\/h2>\n<p>Church leaders expect that parishes will play a critical role in any crisis response. Poland has more than 10,000 Catholic parishes nationwide, making the Church one of the country\u02bcs most extensive and trusted local networks.<\/p>\n<p>Wojda explained that the Polish government realizes that in a crisis situation, \u201cmost Poles will first turn to the Church for help, and only then to municipal institutions and offices.\u201d Therefore, it is important to have access to resources that will allow civilians to survive in a crisis.<\/p>\n<p>To prepare for this responsibility, the conference is developing practical guidelines for clergy. Training sessions and workshops are already underway in some dioceses, often in collaboration with Caritas Poland, which has extensive experience in humanitarian aid.<\/p>\n<p>Wojda stressed that priests are aware of the potential challenges. \u201cThey understand the problem they may have to face,\u201d he said, adding that bishops are being kept regularly informed of the preparations.<\/p>\n<h2>Broader regional context<\/h2>\n<p>The initiative reflects heightened awareness in Poland of security risks linked to the ongoing war in neighboring Ukraine and broader geopolitical tensions in Eastern Europe.<\/p>\n<p>While Poland has not been directly involved in armed conflict, its proximity to the front lines and its role as a key NATO member and logistical hub for Ukraine have heightened concerns about potential spillover effects.<\/p>\n<p>Church and state officials have framed the preparations as a precautionary measure aimed at safeguarding civilians and maintaining social stability. Observers have largely viewed the development positively, noting that the Catholic Church\u02bcs extensive parish network and centralized structure position it as a uniquely effective partner in crisis response.<\/p>\n<p>This evolving role raises broader questions about the place of religious institutions in modern European societies: whether the Church can serve not only as a moral authority but also as a stabilizing force in times of crisis, and how such cooperation between ecclesial and state structures may shape future responses to conflict and humanitarian emergencies.<\/p>\n","protected":false},"excerpt":{"rendered":"<p>The Polish Bishops&#8217; Conference is working with national authorities to prepare an action plan for potential armed conflict, reflecting growing security concerns in the region. The initiative follows discussions held during the 404th Plenary Assembly of the Polish Bishops&#8217; Conference. On March 17, Poland Deputy Prime Minister and Minister of National Defense W\u0142adys\u0142aw Kosiniak-Kamysz and [&hellip;]<\/p>\n","protected":false},"author":37,"featured_media":45796,"comment_status":"open","ping_status":"open","sticky":false,"template":"","format":"standard","meta":{"_acf_changed":false,"inline_featured_image":false,"_monsterinsights_skip_tracking":false,"_monsterinsights_sitenote_active":false,"_monsterinsights_sitenote_note":"","_monsterinsights_sitenote_category":0,"footnotes":""},"categories":[1],"tags":[],"bron":[41],"class_list":["post-45795","post","type-post","status-publish","format-standard","has-post-thumbnail","hentry","category-nieuws","bron-cna"],"acf":[],"featured_image_urls":{"medium":"https:\/\/explorecatholic.nl\/wp-content\/uploads\/2026\/04\/45795-poland-prepares-parishes-for-wartime-role-as-fears-of-conflict-grow-300x200.jpg","thumbnail":"https:\/\/explorecatholic.nl\/wp-content\/uploads\/2026\/04\/45795-poland-prepares-parishes-for-wartime-role-as-fears-of-conflict-grow-150x150.jpg","echo_preview_image":"https:\/\/explorecatholic.nl\/wp-content\/uploads\/2026\/04\/45795-poland-prepares-parishes-for-wartime-role-as-fears-of-conflict-grow-219x146.jpg"},"appp_media":null,"yoast_head":"<!-- This site is optimized with the Yoast SEO plugin v27.5 - https:\/\/yoast.com\/product\/yoast-seo-wordpress\/ -->\n<title>Poland prepares parishes for wartime role as fears of conflict grow - ExploreCatholic<\/title>\n<meta name=\"robots\" content=\"index, follow, max-snippet:-1, max-image-preview:large, max-video-preview:-1\" \/>\n<link rel=\"canonical\" href=\"https:\/\/explorecatholic.nl\/en\/nieuws\/poland-prepares-parishes-for-wartime-role-as-fears-of-conflict-grow\/\" \/>\n<meta property=\"og:locale\" content=\"en_US\" \/>\n<meta property=\"og:type\" content=\"article\" \/>\n<meta property=\"og:title\" content=\"Poland prepares parishes for wartime role as fears of conflict grow - ExploreCatholic\" \/>\n<meta property=\"og:description\" content=\"The Polish Bishops&#8217; Conference is working with national authorities to prepare an action plan for potential armed conflict, reflecting growing security concerns in the region. The initiative follows discussions held during the 404th Plenary Assembly of the Polish Bishops&#8217; Conference. On March 17, Poland Deputy Prime Minister and Minister of National Defense W\u0142adys\u0142aw Kosiniak-Kamysz and [&hellip;]\" \/>\n<meta property=\"og:url\" content=\"https:\/\/explorecatholic.nl\/en\/nieuws\/poland-prepares-parishes-for-wartime-role-as-fears-of-conflict-grow\/\" \/>\n<meta property=\"og:site_name\" content=\"ExploreCatholic\" \/>\n<meta property=\"article:publisher\" content=\"https:\/\/www.facebook.com\/profile.php?id=61569789395842\" \/>\n<meta property=\"article:published_time\" content=\"2026-04-14T11:00:00+00:00\" \/>\n<meta property=\"og:image\" content=\"https:\/\/explorecatholic.nl\/wp-content\/uploads\/2025\/01\/socials-1.png\" \/>\n\t<meta property=\"og:image:width\" content=\"1200\" \/>\n\t<meta property=\"og:image:height\" content=\"675\" \/>\n\t<meta property=\"og:image:type\" content=\"image\/png\" \/>\n<meta name=\"author\" content=\"Bryan Lawrence Gonsalves\" \/>\n<meta name=\"twitter:card\" content=\"summary_large_image\" \/>\n<meta name=\"twitter:label1\" content=\"Written by\" \/>\n\t<meta name=\"twitter:data1\" content=\"Bryan Lawrence Gonsalves\" \/>\n\t<meta name=\"twitter:label2\" content=\"Est. reading time\" \/>\n\t<meta name=\"twitter:data2\" content=\"3 minutes\" \/>\n<script type=\"application\/ld+json\" class=\"yoast-schema-graph\">{\"@context\":\"https:\\\/\\\/schema.org\",\"@graph\":[{\"@type\":\"Article\",\"@id\":\"https:\\\/\\\/explorecatholic.nl\\\/en\\\/nieuws\\\/poland-prepares-parishes-for-wartime-role-as-fears-of-conflict-grow\\\/#article\",\"isPartOf\":{\"@id\":\"https:\\\/\\\/explorecatholic.nl\\\/en\\\/nieuws\\\/poland-prepares-parishes-for-wartime-role-as-fears-of-conflict-grow\\\/\"},\"author\":{\"name\":\"Bryan Lawrence Gonsalves\",\"@id\":\"https:\\\/\\\/explorecatholic.nl\\\/en\\\/#\\\/schema\\\/person\\\/64ba1638bc7493b8f6b84555cb8244a8\"},\"headline\":\"Poland prepares parishes for wartime role as fears of conflict grow\",\"datePublished\":\"2026-04-14T11:00:00+00:00\",\"mainEntityOfPage\":{\"@id\":\"https:\\\/\\\/explorecatholic.nl\\\/en\\\/nieuws\\\/poland-prepares-parishes-for-wartime-role-as-fears-of-conflict-grow\\\/\"},\"wordCount\":612,\"commentCount\":0,\"publisher\":{\"@id\":\"https:\\\/\\\/explorecatholic.nl\\\/en\\\/#organization\"},\"image\":{\"@id\":\"https:\\\/\\\/explorecatholic.nl\\\/en\\\/nieuws\\\/poland-prepares-parishes-for-wartime-role-as-fears-of-conflict-grow\\\/#primaryimage\"},\"thumbnailUrl\":\"https:\\\/\\\/explorecatholic.nl\\\/wp-content\\\/uploads\\\/2026\\\/04\\\/45795-poland-prepares-parishes-for-wartime-role-as-fears-of-conflict-grow.jpg\",\"articleSection\":[\"Nieuws\"],\"inLanguage\":\"en-US\",\"potentialAction\":[{\"@type\":\"CommentAction\",\"name\":\"Comment\",\"target\":[\"https:\\\/\\\/explorecatholic.nl\\\/en\\\/nieuws\\\/poland-prepares-parishes-for-wartime-role-as-fears-of-conflict-grow\\\/#respond\"]}]},{\"@type\":\"WebPage\",\"@id\":\"https:\\\/\\\/explorecatholic.nl\\\/en\\\/nieuws\\\/poland-prepares-parishes-for-wartime-role-as-fears-of-conflict-grow\\\/\",\"url\":\"https:\\\/\\\/explorecatholic.nl\\\/en\\\/nieuws\\\/poland-prepares-parishes-for-wartime-role-as-fears-of-conflict-grow\\\/\",\"name\":\"Poland prepares parishes for wartime role as fears of conflict grow - ExploreCatholic\",\"isPartOf\":{\"@id\":\"https:\\\/\\\/explorecatholic.nl\\\/en\\\/#website\"},\"primaryImageOfPage\":{\"@id\":\"https:\\\/\\\/explorecatholic.nl\\\/en\\\/nieuws\\\/poland-prepares-parishes-for-wartime-role-as-fears-of-conflict-grow\\\/#primaryimage\"},\"image\":{\"@id\":\"https:\\\/\\\/explorecatholic.nl\\\/en\\\/nieuws\\\/poland-prepares-parishes-for-wartime-role-as-fears-of-conflict-grow\\\/#primaryimage\"},\"thumbnailUrl\":\"https:\\\/\\\/explorecatholic.nl\\\/wp-content\\\/uploads\\\/2026\\\/04\\\/45795-poland-prepares-parishes-for-wartime-role-as-fears-of-conflict-grow.jpg\",\"datePublished\":\"2026-04-14T11:00:00+00:00\",\"breadcrumb\":{\"@id\":\"https:\\\/\\\/explorecatholic.nl\\\/en\\\/nieuws\\\/poland-prepares-parishes-for-wartime-role-as-fears-of-conflict-grow\\\/#breadcrumb\"},\"inLanguage\":\"en-US\",\"potentialAction\":[{\"@type\":\"ReadAction\",\"target\":[\"https:\\\/\\\/explorecatholic.nl\\\/en\\\/nieuws\\\/poland-prepares-parishes-for-wartime-role-as-fears-of-conflict-grow\\\/\"]}]},{\"@type\":\"ImageObject\",\"inLanguage\":\"en-US\",\"@id\":\"https:\\\/\\\/explorecatholic.nl\\\/en\\\/nieuws\\\/poland-prepares-parishes-for-wartime-role-as-fears-of-conflict-grow\\\/#primaryimage\",\"url\":\"https:\\\/\\\/explorecatholic.nl\\\/wp-content\\\/uploads\\\/2026\\\/04\\\/45795-poland-prepares-parishes-for-wartime-role-as-fears-of-conflict-grow.jpg\",\"contentUrl\":\"https:\\\/\\\/explorecatholic.nl\\\/wp-content\\\/uploads\\\/2026\\\/04\\\/45795-poland-prepares-parishes-for-wartime-role-as-fears-of-conflict-grow.jpg\",\"width\":680,\"height\":453,\"caption\":\"Poland prepares parishes for wartime role as fears of conflict grow\"},{\"@type\":\"BreadcrumbList\",\"@id\":\"https:\\\/\\\/explorecatholic.nl\\\/en\\\/nieuws\\\/poland-prepares-parishes-for-wartime-role-as-fears-of-conflict-grow\\\/#breadcrumb\",\"itemListElement\":[{\"@type\":\"ListItem\",\"position\":1,\"name\":\"Home\",\"item\":\"https:\\\/\\\/explorecatholic.nl\\\/en\\\/\"},{\"@type\":\"ListItem\",\"position\":2,\"name\":\"Poland prepares parishes for wartime role as fears of conflict grow\"}]},{\"@type\":\"WebSite\",\"@id\":\"https:\\\/\\\/explorecatholic.nl\\\/en\\\/#website\",\"url\":\"https:\\\/\\\/explorecatholic.nl\\\/en\\\/\",\"name\":\"Explore Catholic\",\"description\":\"Alles over het het katholieke geloof - Ga hier op ontdekkingstocht\",\"publisher\":{\"@id\":\"https:\\\/\\\/explorecatholic.nl\\\/en\\\/#organization\"},\"potentialAction\":[{\"@type\":\"SearchAction\",\"target\":{\"@type\":\"EntryPoint\",\"urlTemplate\":\"https:\\\/\\\/explorecatholic.nl\\\/en\\\/?s={search_term_string}\"},\"query-input\":{\"@type\":\"PropertyValueSpecification\",\"valueRequired\":true,\"valueName\":\"search_term_string\"}}],\"inLanguage\":\"en-US\"},{\"@type\":\"Organization\",\"@id\":\"https:\\\/\\\/explorecatholic.nl\\\/en\\\/#organization\",\"name\":\"Bisdom Haarlem-Amsterdam\",\"url\":\"https:\\\/\\\/explorecatholic.nl\\\/en\\\/\",\"logo\":{\"@type\":\"ImageObject\",\"inLanguage\":\"en-US\",\"@id\":\"https:\\\/\\\/explorecatholic.nl\\\/en\\\/#\\\/schema\\\/logo\\\/image\\\/\",\"url\":\"https:\\\/\\\/explorecatholic.nl\\\/wp-content\\\/uploads\\\/2025\\\/01\\\/bisdom-haarlem-amsterdam.png\",\"contentUrl\":\"https:\\\/\\\/explorecatholic.nl\\\/wp-content\\\/uploads\\\/2025\\\/01\\\/bisdom-haarlem-amsterdam.png\",\"width\":1920,\"height\":1080,\"caption\":\"Bisdom Haarlem-Amsterdam\"},\"image\":{\"@id\":\"https:\\\/\\\/explorecatholic.nl\\\/en\\\/#\\\/schema\\\/logo\\\/image\\\/\"},\"sameAs\":[\"https:\\\/\\\/www.facebook.com\\\/profile.php?id=61569789395842\",\"https:\\\/\\\/www.instagram.com\\\/xplorecatholic\\\/\",\"https:\\\/\\\/www.youtube.com\\\/@xplorecatholic\"]},{\"@type\":\"Person\",\"@id\":\"https:\\\/\\\/explorecatholic.nl\\\/en\\\/#\\\/schema\\\/person\\\/64ba1638bc7493b8f6b84555cb8244a8\",\"name\":\"Bryan Lawrence Gonsalves\",\"image\":{\"@type\":\"ImageObject\",\"inLanguage\":\"en-US\",\"@id\":\"https:\\\/\\\/secure.gravatar.com\\\/avatar\\\/716385db5871144d6c2cdc18475ea3b6b272bb83d0fe8577d600b76fbec892aa?s=96&d=mm&r=g\",\"url\":\"https:\\\/\\\/secure.gravatar.com\\\/avatar\\\/716385db5871144d6c2cdc18475ea3b6b272bb83d0fe8577d600b76fbec892aa?s=96&d=mm&r=g\",\"contentUrl\":\"https:\\\/\\\/secure.gravatar.com\\\/avatar\\\/716385db5871144d6c2cdc18475ea3b6b272bb83d0fe8577d600b76fbec892aa?s=96&d=mm&r=g\",\"caption\":\"Bryan Lawrence Gonsalves\"},\"url\":\"https:\\\/\\\/explorecatholic.nl\\\/en\\\/author\\\/bryan-lawrence-gonsalves\\\/\"}]}<\/script>\n<!-- \/ Yoast SEO plugin. -->","yoast_head_json":{"title":"Poland prepares parishes for wartime role as fears of conflict grow - ExploreCatholic","robots":{"index":"index","follow":"follow","max-snippet":"max-snippet:-1","max-image-preview":"max-image-preview:large","max-video-preview":"max-video-preview:-1"},"canonical":"https:\/\/explorecatholic.nl\/en\/nieuws\/poland-prepares-parishes-for-wartime-role-as-fears-of-conflict-grow\/","og_locale":"en_US","og_type":"article","og_title":"Poland prepares parishes for wartime role as fears of conflict grow - ExploreCatholic","og_description":"The Polish Bishops&#8217; Conference is working with national authorities to prepare an action plan for potential armed conflict, reflecting growing security concerns in the region. The initiative follows discussions held during the 404th Plenary Assembly of the Polish Bishops&#8217; Conference. On March 17, Poland Deputy Prime Minister and Minister of National Defense W\u0142adys\u0142aw Kosiniak-Kamysz and [&hellip;]","og_url":"https:\/\/explorecatholic.nl\/en\/nieuws\/poland-prepares-parishes-for-wartime-role-as-fears-of-conflict-grow\/","og_site_name":"ExploreCatholic","article_publisher":"https:\/\/www.facebook.com\/profile.php?id=61569789395842","article_published_time":"2026-04-14T11:00:00+00:00","og_image":[{"width":1200,"height":675,"url":"https:\/\/explorecatholic.nl\/wp-content\/uploads\/2025\/01\/socials-1.png","type":"image\/png"}],"author":"Bryan Lawrence Gonsalves","twitter_card":"summary_large_image","twitter_misc":{"Written by":"Bryan Lawrence Gonsalves","Est. reading time":"3 minutes"},"schema":{"@context":"https:\/\/schema.org","@graph":[{"@type":"Article","@id":"https:\/\/explorecatholic.nl\/en\/nieuws\/poland-prepares-parishes-for-wartime-role-as-fears-of-conflict-grow\/#article","isPartOf":{"@id":"https:\/\/explorecatholic.nl\/en\/nieuws\/poland-prepares-parishes-for-wartime-role-as-fears-of-conflict-grow\/"},"author":{"name":"Bryan Lawrence Gonsalves","@id":"https:\/\/explorecatholic.nl\/en\/#\/schema\/person\/64ba1638bc7493b8f6b84555cb8244a8"},"headline":"Poland prepares parishes for wartime role as fears of conflict grow","datePublished":"2026-04-14T11:00:00+00:00","mainEntityOfPage":{"@id":"https:\/\/explorecatholic.nl\/en\/nieuws\/poland-prepares-parishes-for-wartime-role-as-fears-of-conflict-grow\/"},"wordCount":612,"commentCount":0,"publisher":{"@id":"https:\/\/explorecatholic.nl\/en\/#organization"},"image":{"@id":"https:\/\/explorecatholic.nl\/en\/nieuws\/poland-prepares-parishes-for-wartime-role-as-fears-of-conflict-grow\/#primaryimage"},"thumbnailUrl":"https:\/\/explorecatholic.nl\/wp-content\/uploads\/2026\/04\/45795-poland-prepares-parishes-for-wartime-role-as-fears-of-conflict-grow.jpg","articleSection":["Nieuws"],"inLanguage":"en-US","potentialAction":[{"@type":"CommentAction","name":"Comment","target":["https:\/\/explorecatholic.nl\/en\/nieuws\/poland-prepares-parishes-for-wartime-role-as-fears-of-conflict-grow\/#respond"]}]},{"@type":"WebPage","@id":"https:\/\/explorecatholic.nl\/en\/nieuws\/poland-prepares-parishes-for-wartime-role-as-fears-of-conflict-grow\/","url":"https:\/\/explorecatholic.nl\/en\/nieuws\/poland-prepares-parishes-for-wartime-role-as-fears-of-conflict-grow\/","name":"Poland prepares parishes for wartime role as fears of conflict grow - ExploreCatholic","isPartOf":{"@id":"https:\/\/explorecatholic.nl\/en\/#website"},"primaryImageOfPage":{"@id":"https:\/\/explorecatholic.nl\/en\/nieuws\/poland-prepares-parishes-for-wartime-role-as-fears-of-conflict-grow\/#primaryimage"},"image":{"@id":"https:\/\/explorecatholic.nl\/en\/nieuws\/poland-prepares-parishes-for-wartime-role-as-fears-of-conflict-grow\/#primaryimage"},"thumbnailUrl":"https:\/\/explorecatholic.nl\/wp-content\/uploads\/2026\/04\/45795-poland-prepares-parishes-for-wartime-role-as-fears-of-conflict-grow.jpg","datePublished":"2026-04-14T11:00:00+00:00","breadcrumb":{"@id":"https:\/\/explorecatholic.nl\/en\/nieuws\/poland-prepares-parishes-for-wartime-role-as-fears-of-conflict-grow\/#breadcrumb"},"inLanguage":"en-US","potentialAction":[{"@type":"ReadAction","target":["https:\/\/explorecatholic.nl\/en\/nieuws\/poland-prepares-parishes-for-wartime-role-as-fears-of-conflict-grow\/"]}]},{"@type":"ImageObject","inLanguage":"en-US","@id":"https:\/\/explorecatholic.nl\/en\/nieuws\/poland-prepares-parishes-for-wartime-role-as-fears-of-conflict-grow\/#primaryimage","url":"https:\/\/explorecatholic.nl\/wp-content\/uploads\/2026\/04\/45795-poland-prepares-parishes-for-wartime-role-as-fears-of-conflict-grow.jpg","contentUrl":"https:\/\/explorecatholic.nl\/wp-content\/uploads\/2026\/04\/45795-poland-prepares-parishes-for-wartime-role-as-fears-of-conflict-grow.jpg","width":680,"height":453,"caption":"Poland prepares parishes for wartime role as fears of conflict grow"},{"@type":"BreadcrumbList","@id":"https:\/\/explorecatholic.nl\/en\/nieuws\/poland-prepares-parishes-for-wartime-role-as-fears-of-conflict-grow\/#breadcrumb","itemListElement":[{"@type":"ListItem","position":1,"name":"Home","item":"https:\/\/explorecatholic.nl\/en\/"},{"@type":"ListItem","position":2,"name":"Poland prepares parishes for wartime role as fears of conflict grow"}]},{"@type":"WebSite","@id":"https:\/\/explorecatholic.nl\/en\/#website","url":"https:\/\/explorecatholic.nl\/en\/","name":"Explore Catholic","description":"Alles over het het katholieke geloof - Ga hier op ontdekkingstocht","publisher":{"@id":"https:\/\/explorecatholic.nl\/en\/#organization"},"potentialAction":[{"@type":"SearchAction","target":{"@type":"EntryPoint","urlTemplate":"https:\/\/explorecatholic.nl\/en\/?s={search_term_string}"},"query-input":{"@type":"PropertyValueSpecification","valueRequired":true,"valueName":"search_term_string"}}],"inLanguage":"en-US"},{"@type":"Organization","@id":"https:\/\/explorecatholic.nl\/en\/#organization","name":"Bisdom Haarlem-Amsterdam","url":"https:\/\/explorecatholic.nl\/en\/","logo":{"@type":"ImageObject","inLanguage":"en-US","@id":"https:\/\/explorecatholic.nl\/en\/#\/schema\/logo\/image\/","url":"https:\/\/explorecatholic.nl\/wp-content\/uploads\/2025\/01\/bisdom-haarlem-amsterdam.png","contentUrl":"https:\/\/explorecatholic.nl\/wp-content\/uploads\/2025\/01\/bisdom-haarlem-amsterdam.png","width":1920,"height":1080,"caption":"Bisdom Haarlem-Amsterdam"},"image":{"@id":"https:\/\/explorecatholic.nl\/en\/#\/schema\/logo\/image\/"},"sameAs":["https:\/\/www.facebook.com\/profile.php?id=61569789395842","https:\/\/www.instagram.com\/xplorecatholic\/","https:\/\/www.youtube.com\/@xplorecatholic"]},{"@type":"Person","@id":"https:\/\/explorecatholic.nl\/en\/#\/schema\/person\/64ba1638bc7493b8f6b84555cb8244a8","name":"Bryan Lawrence Gonsalves","image":{"@type":"ImageObject","inLanguage":"en-US","@id":"https:\/\/secure.gravatar.com\/avatar\/716385db5871144d6c2cdc18475ea3b6b272bb83d0fe8577d600b76fbec892aa?s=96&d=mm&r=g","url":"https:\/\/secure.gravatar.com\/avatar\/716385db5871144d6c2cdc18475ea3b6b272bb83d0fe8577d600b76fbec892aa?s=96&d=mm&r=g","contentUrl":"https:\/\/secure.gravatar.com\/avatar\/716385db5871144d6c2cdc18475ea3b6b272bb83d0fe8577d600b76fbec892aa?s=96&d=mm&r=g","caption":"Bryan Lawrence Gonsalves"},"url":"https:\/\/explorecatholic.nl\/en\/author\/bryan-lawrence-gonsalves\/"}]}},"_links":{"self":[{"href":"https:\/\/explorecatholic.nl\/en\/wp-json\/wp\/v2\/posts\/45795","targetHints":{"allow":["GET"]}}],"collection":[{"href":"https:\/\/explorecatholic.nl\/en\/wp-json\/wp\/v2\/posts"}],"about":[{"href":"https:\/\/explorecatholic.nl\/en\/wp-json\/wp\/v2\/types\/post"}],"author":[{"embeddable":true,"href":"https:\/\/explorecatholic.nl\/en\/wp-json\/wp\/v2\/users\/37"}],"replies":[{"embeddable":true,"href":"https:\/\/explorecatholic.nl\/en\/wp-json\/wp\/v2\/comments?post=45795"}],"version-history":[{"count":0,"href":"https:\/\/explorecatholic.nl\/en\/wp-json\/wp\/v2\/posts\/45795\/revisions"}],"wp:featuredmedia":[{"embeddable":true,"href":"https:\/\/explorecatholic.nl\/en\/wp-json\/wp\/v2\/media\/45796"}],"wp:attachment":[{"href":"https:\/\/explorecatholic.nl\/en\/wp-json\/wp\/v2\/media?parent=45795"}],"wp:term":[{"taxonomy":"category","embeddable":true,"href":"https:\/\/explorecatholic.nl\/en\/wp-json\/wp\/v2\/categories?post=45795"},{"taxonomy":"post_tag","embeddable":true,"href":"https:\/\/explorecatholic.nl\/en\/wp-json\/wp\/v2\/tags?post=45795"},{"taxonomy":"bron","embeddable":true,"href":"https:\/\/explorecatholic.nl\/en\/wp-json\/wp\/v2\/bron?post=45795"}],"curies":[{"name":"wp","href":"https:\/\/api.w.org\/{rel}","templated":true}]}}